{"id":38504,"date":"2024-07-13T07:00:00","date_gmt":"2024-07-13T05:00:00","guid":{"rendered":"https:\/\/vinarstvi-fucik.online\/?p=38504"},"modified":"2026-03-13T23:52:08","modified_gmt":"2026-03-13T22:52:08","slug":"concours-mondial-de-bruxelles-2024","status":"publish","type":"post","link":"https:\/\/www.vinarstvi-fucik.cz\/en\/concours-mondial-de-bruxelles-2024\/","title":{"rendered":"Concours Mondial de Bruxelles 2024"},"content":{"rendered":"<p class=\"wp-block-paragraph\">Only four Morava wineries were successful this year at one of the most prestigious international events of its kind, the Concours Mondial de Bruxelles 2024. One of them was our very own Vina\u0159stv\u00ed Fu\u010d\u00edk!<\/p>\n\n\n\n<p class=\"wp-block-paragraph\">What\u2019s more, we came away from this prestigious international competition with two silver medals.<\/p>\n\n\n\n<p class=\"wp-block-paragraph\">Which wines scored highly?<\/p>\n\n\n\n<ul class=\"wp-block-list\">\n<li><strong>Ryzlink vla\u0161sk\u00fd, Late Harvest 2022<\/strong><\/li>\n\n\n\n<li><strong>Rulandsk\u00e9 b\u00edl\u00e9, late harvest 2021<\/strong><\/li>\n<\/ul>\n\n\n\n<p class=\"wp-block-paragraph\">We are delighted with the success of our wines.&nbsp;<\/p>\n\n\n\n<p class=\"wp-block-paragraph\">The Concours Mondial de Bruxelles is not just a wine competition. It is an international platform that promotes excellence in winemaking and helps raise awareness of quality wines from around the world. Thanks to its reputation, rigorous judging process and prestigious awards, it ranks among the most prestigious events in the wine calendar.<\/p>\n\n\n\n<p class=\"wp-block-paragraph\">The medals we have won are therefore not only a recognition of our work, but also confirmation that our wines more than hold their own against global competition.&nbsp;<\/p>\n\n\n\n<p class=\"wp-block-paragraph\">Would you like to sample our medal-winning products?<\/p>\n\n\n\n<p class=\"wp-block-paragraph\">You can find them on our&nbsp;<a href=\"https:\/\/www.vinarstvi-fucik.cz\/en\/\">online shop<\/a>.&nbsp;<\/p>\n\n\n\n<p class=\"wp-block-paragraph\">So, here\u2019s to good health and success! Thank you for being with us.<\/p>\n\n\n\n<p class=\"wp-block-paragraph\"><\/p>","protected":false},"excerpt":{"rendered":"<p>Pouze \u010dty\u0159i moravsk\u00e1 vina\u0159stv\u00ed letos usp\u011bla na jedn\u00e9 z nejv\u00fdznamn\u011bj\u0161\u00edch mezin\u00e1rodn\u00edch akc\u00ed sv\u00e9ho druhu Concours Mondial de Bruxelles 2024. Jedn\u00edm<\/p>","protected":false},"author":4,"featured_media":37420,"comment_status":"closed","ping_status":"open","sticky":false,"template":"","format":"standard","meta":{"_acf_changed":false,"_seopress_titles_title":"","_seopress_titles_desc":"","_seopress_robots_index":"","_seopress_robots_follow":"","_seopress_robots_imageindex":"","_seopress_robots_snippet":"","_seopress_robots_primary_cat":"","_seopress_robots_breadcrumbs":"","_seopress_robots_freeze_modified_date":"","_seopress_robots_custom_modified_date":"","_seopress_robots_canonical":"","_seopress_social_fb_title":"","_seopress_social_fb_desc":"","_seopress_social_fb_img":"","_seopress_social_fb_img_attachment_id":0,"_seopress_social_fb_img_width":0,"_seopress_social_fb_img_height":0,"_seopress_social_twitter_title":"","_seopress_social_twitter_desc":"","_seopress_social_twitter_img":"","_seopress_social_twitter_img_attachment_id":0,"_seopress_social_twitter_img_width":0,"_seopress_social_twitter_img_height":0,"_seopress_redirections_value":"","_seopress_redirections_enabled":"","_seopress_redirections_enabled_regex":"","_seopress_redirections_logged_status":"","_seopress_redirections_param":"","_seopress_redirections_type":0,"_seopress_analysis_target_kw":"","_seopress_news_disabled":"","_seopress_video_disabled":"","_seopress_video":[],"_seopress_pro_schemas_manual":[],"_seopress_pro_rich_snippets_disable_all":"","_seopress_pro_rich_snippets_disable":[],"_seopress_pro_schemas":[],"footnotes":""},"categories":[148,267],"tags":[],"class_list":["post-38504","post","type-post","status-publish","format-standard","has-post-thumbnail","hentry","category-ocenenia","category-vino"],"acf":[],"_links":{"self":[{"href":"https:\/\/www.vinarstvi-fucik.cz\/en\/wp-json\/wp\/v2\/posts\/38504","targetHints":{"allow":["GET"]}}],"collection":[{"href":"https:\/\/www.vinarstvi-fucik.cz\/en\/wp-json\/wp\/v2\/posts"}],"about":[{"href":"https:\/\/www.vinarstvi-fucik.cz\/en\/wp-json\/wp\/v2\/types\/post"}],"author":[{"embeddable":true,"href":"https:\/\/www.vinarstvi-fucik.cz\/en\/wp-json\/wp\/v2\/users\/4"}],"replies":[{"embeddable":true,"href":"https:\/\/www.vinarstvi-fucik.cz\/en\/wp-json\/wp\/v2\/comments?post=38504"}],"version-history":[{"count":0,"href":"https:\/\/www.vinarstvi-fucik.cz\/en\/wp-json\/wp\/v2\/posts\/38504\/revisions"}],"wp:featuredmedia":[{"embeddable":true,"href":"https:\/\/www.vinarstvi-fucik.cz\/en\/wp-json\/wp\/v2\/media\/37420"}],"wp:attachment":[{"href":"https:\/\/www.vinarstvi-fucik.cz\/en\/wp-json\/wp\/v2\/media?parent=38504"}],"wp:term":[{"taxonomy":"category","embeddable":true,"href":"https:\/\/www.vinarstvi-fucik.cz\/en\/wp-json\/wp\/v2\/categories?post=38504"},{"taxonomy":"post_tag","embeddable":true,"href":"https:\/\/www.vinarstvi-fucik.cz\/en\/wp-json\/wp\/v2\/tags?post=38504"}],"curies":[{"name":"wp","href":"https:\/\/api.w.org\/{rel}","templated":true}]}}